{"id":2304,"date":"2025-03-10T15:43:45","date_gmt":"2025-03-10T14:43:45","guid":{"rendered":"https:\/\/lesemeur.org\/?p=2304"},"modified":"2025-03-10T15:43:46","modified_gmt":"2025-03-10T14:43:46","slug":"basculons-ensemble-vers-des-reunions-semeur-inclusives","status":"publish","type":"post","link":"https:\/\/lesemeur.org\/index.php\/2025\/03\/10\/basculons-ensemble-vers-des-reunions-semeur-inclusives\/","title":{"rendered":"Basculons ensemble vers des r\u00e9unions Semeur inclusives !"},"content":{"rendered":"\n<p>Avec notre cycle d&#8217;ateliers &#8220;Basculons ensemble vers une \u00e9conomie locale florissante&#8221;, nous sommes sur les rails d&#8217;un projet porteur et emballant ! Pour que notre motivation contamine le plus grand nombre, nous avons d\u00e9cid\u00e9 de programmer quelques dates de r\u00e9unions ouvertes \u00e0 celles et ceux qui souhaitent \u00e9changer avec nous ou\/et apporter un peu de leur \u00e9nergie et de leur temps aux futurs d\u00e9veloppements de l&#8217;ASBL.<\/p>\n\n\n\n<p>Pour le moment, 3 rendez-vous sont fix\u00e9s :<\/p>\n\n\n\n<p>&#8211; 12\/03\/2025 \u00e0 13h30 \u00e0 la <a href=\"https:\/\/www.facebook.com\/laicitephilippeville\" target=\"_blank\" rel=\"noreferrer noopener\">Maison de la La\u00efcit\u00e9<\/a> \u00e0 Philippeville<br>&#8211; 09\/04\/2025 \u00e0 19h30 par Web (le lien sera communiqu\u00e9)<br>&#8211; 14\/5\/2025 \u00e0 13h30 au <a href=\"https:\/\/us7.mailchimp.com\/mctx\/clicks?url=https%3A%2F%2Fbeaumont.be%2FPole-Associatif&amp;xid=1032186451&amp;uid=148637662&amp;iid=f51dbc97d4&amp;pool=cts&amp;v=2&amp;c=1741439395&amp;h=8676da6b8babb2c56564a7d1b0ff6248e7daa2fd3a2a9a113c77576b5d932a38\" target=\"_blank\" rel=\"noreferrer noopener\">P<\/a><a href=\"https:\/\/beaumont.be\/Pole-Associatif\" target=\"_blank\" rel=\"noreferrer noopener\">\u00f4le associatif<\/a> de Beaumont<\/p>\n\n\n\n<p><a href=\"https:\/\/lesemeur.org\/index.php\/events\/basculons-ensemble-vers-des-reunions-semeur-inclusives\/\" target=\"_blank\" rel=\"noreferrer noopener\">Suivez ce lien , il vous m\u00e8nera \u00e0 l&#8217;ordre du jour de ce mercredi 12 mars \u00e0 Philippeville !<\/a><br>Si vous ne pouvez nous rejoindre, parlez-en autour de vous pour que ce projet reste \u00e0 la hauteur de ses ambitions \ud83d\ude09<\/p>\n\n\n\n<p><\/p>\n","protected":false},"excerpt":{"rendered":"<p>Avec notre cycle d&#8217;ateliers &#8220;Basculons ensemble vers une \u00e9conomie locale florissante&#8221;, nous sommes sur les rails d&#8217;un projet porteur et [&hellip;]<\/p>\n","protected":false},"author":1,"featured_media":2303,"comment_status":"open","ping_status":"open","sticky":false,"template":"","format":"standard","meta":{"site-sidebar-layout":"default","site-content-layout":"","ast-site-content-layout":"default","site-content-style":"default","site-sidebar-style":"default","ast-global-header-display":"","ast-banner-title-visibility":"","ast-main-header-display":"","ast-hfb-above-header-display":"","ast-hfb-below-header-display":"","ast-hfb-mobile-header-display":"","site-post-title":"","ast-breadcrumbs-content":"","ast-featured-img":"","footer-sml-layout":"","theme-transparent-header-meta":"","adv-header-id-meta":"","stick-header-meta":"","header-above-stick-meta":"","header-main-stick-meta":"","header-below-stick-meta":"","astra-migrate-meta-layouts":"set","ast-page-background-enabled":"default","ast-page-background-meta":{"desktop":{"background-color":"var(--ast-global-color-4)","background-image":"","background-repeat":"repeat","background-position":"center center","background-size":"auto","background-attachment":"scroll","background-type":"","background-media":"","overlay-type":"","overlay-color":"","overlay-opacity":"","overlay-gradient":""},"tablet":{"background-color":"","background-image":"","background-repeat":"repeat","background-position":"center center","background-size":"auto","background-attachment":"scroll","background-type":"","background-media":"","overlay-type":"","overlay-color":"","overlay-opacity":"","overlay-gradient":""},"mobile":{"background-color":"","background-image":"","background-repeat":"repeat","background-position":"center center","background-size":"auto","background-attachment":"scroll","background-type":"","background-media":"","overlay-type":"","overlay-color":"","overlay-opacity":"","overlay-gradient":""}},"ast-content-background-meta":{"desktop":{"background-color":"var(--ast-global-color-5)","background-image":"","background-repeat":"repeat","background-position":"center center","background-size":"auto","background-attachment":"scroll","background-type":"","background-media":"","overlay-type":"","overlay-color":"","overlay-opacity":"","overlay-gradient":""},"tablet":{"background-color":"var(--ast-global-color-5)","background-image":"","background-repeat":"repeat","background-position":"center center","background-size":"auto","background-attachment":"scroll","background-type":"","background-media":"","overlay-type":"","overlay-color":"","overlay-opacity":"","overlay-gradient":""},"mobile":{"background-color":"var(--ast-global-color-5)","background-image":"","background-repeat":"repeat","background-position":"center center","background-size":"auto","background-attachment":"scroll","background-type":"","background-media":"","overlay-type":"","overlay-color":"","overlay-opacity":"","overlay-gradient":""}},"ngg_post_thumbnail":0,"footnotes":""},"categories":[20],"tags":[],"class_list":["post-2304","post","type-post","status-publish","format-standard","has-post-thumbnail","hentry","category-news"],"yoast_head":"<!-- This site is optimized with the Yoast SEO plugin v24.0 - https:\/\/yoast.com\/wordpress\/plugins\/seo\/ -->\n<title>Basculons ensemble vers des r\u00e9unions Semeur inclusives ! - Le Semeur<\/title>\n<meta name=\"description\" content=\"Le Semeur est votre monnaie locale, citoyenne et compl\u00e9mentaire de l&#039;Entre-Sambre-Et-Meuse. Elle participe \u00e0 la transition environnementale et sociale. D\u00e9couvrez comment vous en procurer !\" \/>\n<meta name=\"robots\" content=\"index, follow, max-snippet:-1, max-image-preview:large, max-video-preview:-1\" \/>\n<link rel=\"canonical\" href=\"https:\/\/lesemeur.org\/index.php\/2025\/03\/10\/basculons-ensemble-vers-des-reunions-semeur-inclusives\/\" \/>\n<meta property=\"og:locale\" content=\"fr_FR\" \/>\n<meta property=\"og:type\" content=\"article\" \/>\n<meta property=\"og:title\" content=\"Basculons ensemble vers des r\u00e9unions Semeur inclusives ! - Le Semeur\" \/>\n<meta property=\"og:description\" content=\"Le Semeur est votre monnaie locale, citoyenne et compl\u00e9mentaire de l&#039;Entre-Sambre-Et-Meuse. Elle participe \u00e0 la transition environnementale et sociale. D\u00e9couvrez comment vous en procurer !\" \/>\n<meta property=\"og:url\" content=\"https:\/\/lesemeur.org\/index.php\/2025\/03\/10\/basculons-ensemble-vers-des-reunions-semeur-inclusives\/\" \/>\n<meta property=\"og:site_name\" content=\"Le Semeur\" \/>\n<meta property=\"article:published_time\" content=\"2025-03-10T14:43:45+00:00\" \/>\n<meta property=\"article:modified_time\" content=\"2025-03-10T14:43:46+00:00\" \/>\n<meta property=\"og:image\" content=\"https:\/\/lesemeur.org\/wp-content\/uploads\/2025\/03\/reunion-conviviale.png\" \/>\n\t<meta property=\"og:image:width\" content=\"1050\" \/>\n\t<meta property=\"og:image:height\" content=\"700\" \/>\n\t<meta property=\"og:image:type\" content=\"image\/png\" \/>\n<meta name=\"author\" content=\"Micha\u00ebl Horevoets\" \/>\n<meta name=\"twitter:card\" content=\"summary_large_image\" \/>\n<meta name=\"twitter:label1\" content=\"\u00c9crit par\" \/>\n\t<meta name=\"twitter:data1\" content=\"Micha\u00ebl Horevoets\" \/>\n\t<meta name=\"twitter:label2\" content=\"Dur\u00e9e de lecture estim\u00e9e\" \/>\n\t<meta name=\"twitter:data2\" content=\"1 minute\" \/>\n<script type=\"application\/ld+json\" class=\"yoast-schema-graph\">{\"@context\":\"https:\/\/schema.org\",\"@graph\":[{\"@type\":\"Article\",\"@id\":\"https:\/\/lesemeur.org\/index.php\/2025\/03\/10\/basculons-ensemble-vers-des-reunions-semeur-inclusives\/#article\",\"isPartOf\":{\"@id\":\"https:\/\/lesemeur.org\/index.php\/2025\/03\/10\/basculons-ensemble-vers-des-reunions-semeur-inclusives\/\"},\"author\":{\"name\":\"Micha\u00ebl Horevoets\",\"@id\":\"https:\/\/lesemeur.org\/#\/schema\/person\/c7c3eeaf9e71ec5e8b534709c581e03e\"},\"headline\":\"Basculons ensemble vers des r\u00e9unions Semeur inclusives !\",\"datePublished\":\"2025-03-10T14:43:45+00:00\",\"dateModified\":\"2025-03-10T14:43:46+00:00\",\"mainEntityOfPage\":{\"@id\":\"https:\/\/lesemeur.org\/index.php\/2025\/03\/10\/basculons-ensemble-vers-des-reunions-semeur-inclusives\/\"},\"wordCount\":146,\"commentCount\":0,\"publisher\":{\"@id\":\"https:\/\/lesemeur.org\/#organization\"},\"image\":{\"@id\":\"https:\/\/lesemeur.org\/index.php\/2025\/03\/10\/basculons-ensemble-vers-des-reunions-semeur-inclusives\/#primaryimage\"},\"thumbnailUrl\":\"https:\/\/lesemeur.org\/wp-content\/uploads\/2025\/03\/reunion-conviviale.png\",\"articleSection\":[\"News\"],\"inLanguage\":\"fr-FR\",\"potentialAction\":[{\"@type\":\"CommentAction\",\"name\":\"Comment\",\"target\":[\"https:\/\/lesemeur.org\/index.php\/2025\/03\/10\/basculons-ensemble-vers-des-reunions-semeur-inclusives\/#respond\"]}]},{\"@type\":\"WebPage\",\"@id\":\"https:\/\/lesemeur.org\/index.php\/2025\/03\/10\/basculons-ensemble-vers-des-reunions-semeur-inclusives\/\",\"url\":\"https:\/\/lesemeur.org\/index.php\/2025\/03\/10\/basculons-ensemble-vers-des-reunions-semeur-inclusives\/\",\"name\":\"Basculons ensemble vers des r\u00e9unions Semeur inclusives ! - Le Semeur\",\"isPartOf\":{\"@id\":\"https:\/\/lesemeur.org\/#website\"},\"primaryImageOfPage\":{\"@id\":\"https:\/\/lesemeur.org\/index.php\/2025\/03\/10\/basculons-ensemble-vers-des-reunions-semeur-inclusives\/#primaryimage\"},\"image\":{\"@id\":\"https:\/\/lesemeur.org\/index.php\/2025\/03\/10\/basculons-ensemble-vers-des-reunions-semeur-inclusives\/#primaryimage\"},\"thumbnailUrl\":\"https:\/\/lesemeur.org\/wp-content\/uploads\/2025\/03\/reunion-conviviale.png\",\"datePublished\":\"2025-03-10T14:43:45+00:00\",\"dateModified\":\"2025-03-10T14:43:46+00:00\",\"description\":\"Le Semeur est votre monnaie locale, citoyenne et compl\u00e9mentaire de l'Entre-Sambre-Et-Meuse. Elle participe \u00e0 la transition environnementale et sociale. D\u00e9couvrez comment vous en procurer !\",\"breadcrumb\":{\"@id\":\"https:\/\/lesemeur.org\/index.php\/2025\/03\/10\/basculons-ensemble-vers-des-reunions-semeur-inclusives\/#breadcrumb\"},\"inLanguage\":\"fr-FR\",\"potentialAction\":[{\"@type\":\"ReadAction\",\"target\":[\"https:\/\/lesemeur.org\/index.php\/2025\/03\/10\/basculons-ensemble-vers-des-reunions-semeur-inclusives\/\"]}]},{\"@type\":\"ImageObject\",\"inLanguage\":\"fr-FR\",\"@id\":\"https:\/\/lesemeur.org\/index.php\/2025\/03\/10\/basculons-ensemble-vers-des-reunions-semeur-inclusives\/#primaryimage\",\"url\":\"https:\/\/lesemeur.org\/wp-content\/uploads\/2025\/03\/reunion-conviviale.png\",\"contentUrl\":\"https:\/\/lesemeur.org\/wp-content\/uploads\/2025\/03\/reunion-conviviale.png\",\"width\":1050,\"height\":700},{\"@type\":\"BreadcrumbList\",\"@id\":\"https:\/\/lesemeur.org\/index.php\/2025\/03\/10\/basculons-ensemble-vers-des-reunions-semeur-inclusives\/#breadcrumb\",\"itemListElement\":[{\"@type\":\"ListItem\",\"position\":1,\"name\":\"Accueil\",\"item\":\"https:\/\/lesemeur.org\/\"},{\"@type\":\"ListItem\",\"position\":2,\"name\":\"Basculons ensemble vers des r\u00e9unions Semeur inclusives !\"}]},{\"@type\":\"WebSite\",\"@id\":\"https:\/\/lesemeur.org\/#website\",\"url\":\"https:\/\/lesemeur.org\/\",\"name\":\"Le Semeur\",\"description\":\"La monnaie locale de l&#039;Entre-Sambre-et-Meuse\",\"publisher\":{\"@id\":\"https:\/\/lesemeur.org\/#organization\"},\"potentialAction\":[{\"@type\":\"SearchAction\",\"target\":{\"@type\":\"EntryPoint\",\"urlTemplate\":\"https:\/\/lesemeur.org\/?s={search_term_string}\"},\"query-input\":{\"@type\":\"PropertyValueSpecification\",\"valueRequired\":true,\"valueName\":\"search_term_string\"}}],\"inLanguage\":\"fr-FR\"},{\"@type\":\"Organization\",\"@id\":\"https:\/\/lesemeur.org\/#organization\",\"name\":\"Le Semeur\",\"url\":\"https:\/\/lesemeur.org\/\",\"logo\":{\"@type\":\"ImageObject\",\"inLanguage\":\"fr-FR\",\"@id\":\"https:\/\/lesemeur.org\/#\/schema\/logo\/image\/\",\"url\":\"http:\/\/lesemeur.org\/wp-content\/uploads\/2020\/02\/Elisez-votre-logo.jpg\",\"contentUrl\":\"http:\/\/lesemeur.org\/wp-content\/uploads\/2020\/02\/Elisez-votre-logo.jpg\",\"width\":512,\"height\":512,\"caption\":\"Le Semeur\"},\"image\":{\"@id\":\"https:\/\/lesemeur.org\/#\/schema\/logo\/image\/\"}},{\"@type\":\"Person\",\"@id\":\"https:\/\/lesemeur.org\/#\/schema\/person\/c7c3eeaf9e71ec5e8b534709c581e03e\",\"name\":\"Micha\u00ebl Horevoets\",\"image\":{\"@type\":\"ImageObject\",\"inLanguage\":\"fr-FR\",\"@id\":\"https:\/\/lesemeur.org\/#\/schema\/person\/image\/\",\"url\":\"https:\/\/secure.gravatar.com\/avatar\/ff91dfa658cd6f544e44a66dcaf4474a?s=96&d=mm&r=g\",\"contentUrl\":\"https:\/\/secure.gravatar.com\/avatar\/ff91dfa658cd6f544e44a66dcaf4474a?s=96&d=mm&r=g\",\"caption\":\"Micha\u00ebl Horevoets\"},\"url\":\"https:\/\/lesemeur.org\/index.php\/author\/admin8376\/\"}]}<\/script>\n<!-- \/ Yoast SEO plugin. -->","yoast_head_json":{"title":"Basculons ensemble vers des r\u00e9unions Semeur inclusives ! - Le Semeur","description":"Le Semeur est votre monnaie locale, citoyenne et compl\u00e9mentaire de l'Entre-Sambre-Et-Meuse. Elle participe \u00e0 la transition environnementale et sociale. D\u00e9couvrez comment vous en procurer !","robots":{"index":"index","follow":"follow","max-snippet":"max-snippet:-1","max-image-preview":"max-image-preview:large","max-video-preview":"max-video-preview:-1"},"canonical":"https:\/\/lesemeur.org\/index.php\/2025\/03\/10\/basculons-ensemble-vers-des-reunions-semeur-inclusives\/","og_locale":"fr_FR","og_type":"article","og_title":"Basculons ensemble vers des r\u00e9unions Semeur inclusives ! - Le Semeur","og_description":"Le Semeur est votre monnaie locale, citoyenne et compl\u00e9mentaire de l'Entre-Sambre-Et-Meuse. Elle participe \u00e0 la transition environnementale et sociale. D\u00e9couvrez comment vous en procurer !","og_url":"https:\/\/lesemeur.org\/index.php\/2025\/03\/10\/basculons-ensemble-vers-des-reunions-semeur-inclusives\/","og_site_name":"Le Semeur","article_published_time":"2025-03-10T14:43:45+00:00","article_modified_time":"2025-03-10T14:43:46+00:00","og_image":[{"width":1050,"height":700,"url":"https:\/\/lesemeur.org\/wp-content\/uploads\/2025\/03\/reunion-conviviale.png","type":"image\/png"}],"author":"Micha\u00ebl Horevoets","twitter_card":"summary_large_image","twitter_misc":{"\u00c9crit par":"Micha\u00ebl Horevoets","Dur\u00e9e de lecture estim\u00e9e":"1 minute"},"schema":{"@context":"https:\/\/schema.org","@graph":[{"@type":"Article","@id":"https:\/\/lesemeur.org\/index.php\/2025\/03\/10\/basculons-ensemble-vers-des-reunions-semeur-inclusives\/#article","isPartOf":{"@id":"https:\/\/lesemeur.org\/index.php\/2025\/03\/10\/basculons-ensemble-vers-des-reunions-semeur-inclusives\/"},"author":{"name":"Micha\u00ebl Horevoets","@id":"https:\/\/lesemeur.org\/#\/schema\/person\/c7c3eeaf9e71ec5e8b534709c581e03e"},"headline":"Basculons ensemble vers des r\u00e9unions Semeur inclusives !","datePublished":"2025-03-10T14:43:45+00:00","dateModified":"2025-03-10T14:43:46+00:00","mainEntityOfPage":{"@id":"https:\/\/lesemeur.org\/index.php\/2025\/03\/10\/basculons-ensemble-vers-des-reunions-semeur-inclusives\/"},"wordCount":146,"commentCount":0,"publisher":{"@id":"https:\/\/lesemeur.org\/#organization"},"image":{"@id":"https:\/\/lesemeur.org\/index.php\/2025\/03\/10\/basculons-ensemble-vers-des-reunions-semeur-inclusives\/#primaryimage"},"thumbnailUrl":"https:\/\/lesemeur.org\/wp-content\/uploads\/2025\/03\/reunion-conviviale.png","articleSection":["News"],"inLanguage":"fr-FR","potentialAction":[{"@type":"CommentAction","name":"Comment","target":["https:\/\/lesemeur.org\/index.php\/2025\/03\/10\/basculons-ensemble-vers-des-reunions-semeur-inclusives\/#respond"]}]},{"@type":"WebPage","@id":"https:\/\/lesemeur.org\/index.php\/2025\/03\/10\/basculons-ensemble-vers-des-reunions-semeur-inclusives\/","url":"https:\/\/lesemeur.org\/index.php\/2025\/03\/10\/basculons-ensemble-vers-des-reunions-semeur-inclusives\/","name":"Basculons ensemble vers des r\u00e9unions Semeur inclusives ! - Le Semeur","isPartOf":{"@id":"https:\/\/lesemeur.org\/#website"},"primaryImageOfPage":{"@id":"https:\/\/lesemeur.org\/index.php\/2025\/03\/10\/basculons-ensemble-vers-des-reunions-semeur-inclusives\/#primaryimage"},"image":{"@id":"https:\/\/lesemeur.org\/index.php\/2025\/03\/10\/basculons-ensemble-vers-des-reunions-semeur-inclusives\/#primaryimage"},"thumbnailUrl":"https:\/\/lesemeur.org\/wp-content\/uploads\/2025\/03\/reunion-conviviale.png","datePublished":"2025-03-10T14:43:45+00:00","dateModified":"2025-03-10T14:43:46+00:00","description":"Le Semeur est votre monnaie locale, citoyenne et compl\u00e9mentaire de l'Entre-Sambre-Et-Meuse. Elle participe \u00e0 la transition environnementale et sociale. D\u00e9couvrez comment vous en procurer !","breadcrumb":{"@id":"https:\/\/lesemeur.org\/index.php\/2025\/03\/10\/basculons-ensemble-vers-des-reunions-semeur-inclusives\/#breadcrumb"},"inLanguage":"fr-FR","potentialAction":[{"@type":"ReadAction","target":["https:\/\/lesemeur.org\/index.php\/2025\/03\/10\/basculons-ensemble-vers-des-reunions-semeur-inclusives\/"]}]},{"@type":"ImageObject","inLanguage":"fr-FR","@id":"https:\/\/lesemeur.org\/index.php\/2025\/03\/10\/basculons-ensemble-vers-des-reunions-semeur-inclusives\/#primaryimage","url":"https:\/\/lesemeur.org\/wp-content\/uploads\/2025\/03\/reunion-conviviale.png","contentUrl":"https:\/\/lesemeur.org\/wp-content\/uploads\/2025\/03\/reunion-conviviale.png","width":1050,"height":700},{"@type":"BreadcrumbList","@id":"https:\/\/lesemeur.org\/index.php\/2025\/03\/10\/basculons-ensemble-vers-des-reunions-semeur-inclusives\/#breadcrumb","itemListElement":[{"@type":"ListItem","position":1,"name":"Accueil","item":"https:\/\/lesemeur.org\/"},{"@type":"ListItem","position":2,"name":"Basculons ensemble vers des r\u00e9unions Semeur inclusives !"}]},{"@type":"WebSite","@id":"https:\/\/lesemeur.org\/#website","url":"https:\/\/lesemeur.org\/","name":"Le Semeur","description":"La monnaie locale de l&#039;Entre-Sambre-et-Meuse","publisher":{"@id":"https:\/\/lesemeur.org\/#organization"},"potentialAction":[{"@type":"SearchAction","target":{"@type":"EntryPoint","urlTemplate":"https:\/\/lesemeur.org\/?s={search_term_string}"},"query-input":{"@type":"PropertyValueSpecification","valueRequired":true,"valueName":"search_term_string"}}],"inLanguage":"fr-FR"},{"@type":"Organization","@id":"https:\/\/lesemeur.org\/#organization","name":"Le Semeur","url":"https:\/\/lesemeur.org\/","logo":{"@type":"ImageObject","inLanguage":"fr-FR","@id":"https:\/\/lesemeur.org\/#\/schema\/logo\/image\/","url":"http:\/\/lesemeur.org\/wp-content\/uploads\/2020\/02\/Elisez-votre-logo.jpg","contentUrl":"http:\/\/lesemeur.org\/wp-content\/uploads\/2020\/02\/Elisez-votre-logo.jpg","width":512,"height":512,"caption":"Le Semeur"},"image":{"@id":"https:\/\/lesemeur.org\/#\/schema\/logo\/image\/"}},{"@type":"Person","@id":"https:\/\/lesemeur.org\/#\/schema\/person\/c7c3eeaf9e71ec5e8b534709c581e03e","name":"Micha\u00ebl Horevoets","image":{"@type":"ImageObject","inLanguage":"fr-FR","@id":"https:\/\/lesemeur.org\/#\/schema\/person\/image\/","url":"https:\/\/secure.gravatar.com\/avatar\/ff91dfa658cd6f544e44a66dcaf4474a?s=96&d=mm&r=g","contentUrl":"https:\/\/secure.gravatar.com\/avatar\/ff91dfa658cd6f544e44a66dcaf4474a?s=96&d=mm&r=g","caption":"Micha\u00ebl Horevoets"},"url":"https:\/\/lesemeur.org\/index.php\/author\/admin8376\/"}]}},"_links":{"self":[{"href":"https:\/\/lesemeur.org\/index.php\/wp-json\/wp\/v2\/posts\/2304","targetHints":{"allow":["GET"]}}],"collection":[{"href":"https:\/\/lesemeur.org\/index.php\/wp-json\/wp\/v2\/posts"}],"about":[{"href":"https:\/\/lesemeur.org\/index.php\/wp-json\/wp\/v2\/types\/post"}],"author":[{"embeddable":true,"href":"https:\/\/lesemeur.org\/index.php\/wp-json\/wp\/v2\/users\/1"}],"replies":[{"embeddable":true,"href":"https:\/\/lesemeur.org\/index.php\/wp-json\/wp\/v2\/comments?post=2304"}],"version-history":[{"count":1,"href":"https:\/\/lesemeur.org\/index.php\/wp-json\/wp\/v2\/posts\/2304\/revisions"}],"predecessor-version":[{"id":2305,"href":"https:\/\/lesemeur.org\/index.php\/wp-json\/wp\/v2\/posts\/2304\/revisions\/2305"}],"wp:featuredmedia":[{"embeddable":true,"href":"https:\/\/lesemeur.org\/index.php\/wp-json\/wp\/v2\/media\/2303"}],"wp:attachment":[{"href":"https:\/\/lesemeur.org\/index.php\/wp-json\/wp\/v2\/media?parent=2304"}],"wp:term":[{"taxonomy":"category","embeddable":true,"href":"https:\/\/lesemeur.org\/index.php\/wp-json\/wp\/v2\/categories?post=2304"},{"taxonomy":"post_tag","embeddable":true,"href":"https:\/\/lesemeur.org\/index.php\/wp-json\/wp\/v2\/tags?post=2304"}],"curies":[{"name":"wp","href":"https:\/\/api.w.org\/{rel}","templated":true}]}}